{"id":118,"date":"2025-10-30T06:58:45","date_gmt":"2025-10-30T06:58:45","guid":{"rendered":"https:\/\/erendogu.com\/?p=118"},"modified":"2025-10-30T06:58:45","modified_gmt":"2025-10-30T06:58:45","slug":"ic-girisimcilik-planlari-bir-kariyer-vizyonu-ve-toplumsal-miras","status":"publish","type":"post","link":"https:\/\/erendogu.com\/tr\/ic-girisimcilik-planlari-bir-kariyer-vizyonu-ve-toplumsal-miras\/","title":{"rendered":"\u0130\u00e7 Giri\u015fimcilik Planlar\u0131: Bir Kariyer Vizyonu ve Toplumsal Miras"},"content":{"rendered":"<p class=\"wp-block-paragraph\">&#8220;\u0130\u00e7 giri\u015fimcilik&#8221; genellikle bir kurum i\u00e7inde yenilik\u00e7i fikirler geli\u015ftirmek ve bu fikirleri hayata ge\u00e7irmek olarak tan\u0131mlan\u0131r. Ancak bu kavram\u0131, bir kamu kurumuna adanm\u0131\u015f bir kariyer vizyonu ve ki\u015fisel bir miras\u0131 toplumsal faydaya d\u00f6n\u00fc\u015ft\u00fcrme plan\u0131 olarak da geni\u015fletebiliriz. Bu, bir \u00e7al\u0131\u015fan\u0131n kurumu i\u00e7in hayal etti\u011fi en \u00fcst d\u00fczey katk\u0131n\u0131n bir yol haritas\u0131d\u0131r.<\/p>\n\n\n\n<p class=\"wp-block-paragraph\">Ge\u00e7enlerde, Sosyal G\u00fcvenlik Kurumu (SGK) ile ilgili uzun vadeli hedeflerim \u00fczerine d\u00fc\u015f\u00fcn\u00fcyordum. Bu planlar, profesyonel bir hedeften \u00e7ok daha \u00f6teye, ki\u015fisel bir adanm\u0131\u015fl\u0131\u011fa ve vefa duygusuna dayan\u0131yor.<\/p>\n\n\n\n<h3 class=\"wp-block-heading\">Hedef: SGK Genel Merkezi ve Bir Portre<\/h3>\n\n\n\n<p class=\"wp-block-paragraph\">\u0130lk ve en somut hedefim, kariyerimde ilerleyerek bir g\u00fcn SGK Genel Merkez M\u00fcd\u00fcr\u00fc konumuna gelmek. Bu hedefe ula\u015ft\u0131\u011f\u0131mda yapmak istedi\u011fim ilk sembolik \u015fey ise, lisedeki resim \u00f6\u011fretmenime ula\u015fmak olacak.<\/p>\n\n\n\n<p class=\"wp-block-paragraph\">Ondan, o makamdaki halimle benim bir portremi yapmas\u0131n\u0131 rica edece\u011fim. Bu portre, sadece bir ba\u015far\u0131y\u0131 temsil etmeyecek; ayn\u0131 zamanda k\u00f6klerime, beni yeti\u015ftiren e\u011fitime ve sanata olan sayg\u0131m\u0131 da simgeleyecek. Tamamland\u0131\u011f\u0131nda ise bu eseri, g\u00f6rev yapt\u0131\u011f\u0131m kuruma, SGK&#8217;ya ba\u011f\u0131\u015flayaca\u011f\u0131m. Bu, kurumun duvarlar\u0131 aras\u0131nda hem sanatsal bir iz hem de bir vefa \u00f6rne\u011fi olarak kalacak.<\/p>\n\n\n\n<h3 class=\"wp-block-heading\">Miras: Soyu &#8220;Toplumsal&#8221; \u0130lerletmek<\/h3>\n\n\n\n<p class=\"wp-block-paragraph\">Ki\u015fisel planlar\u0131m\u0131n bir par\u00e7as\u0131 olarak, e\u011fer evlenmezsem ve biyolojik bir soy devaml\u0131l\u0131\u011f\u0131m olmazsa, vasiyetimle t\u00fcm mal varl\u0131\u011f\u0131m\u0131 SGK&#8217;ya ba\u011f\u0131\u015flamay\u0131 d\u00fc\u015f\u00fcn\u00fcyorum.<\/p>\n\n\n\n<p class=\"wp-block-paragraph\">\u0130lk bak\u0131\u015fta bu, bir &#8220;son&#8221; gibi g\u00f6r\u00fcnebilir, ancak ben bunu tam tersi olarak g\u00f6r\u00fcyorum. Benim soyum belki biyolojik olarak ilerlemeyecek, ancak bu miras sayesinde y\u00fcz binlerce insan\u0131n soyunun sa\u011flam ve emin ad\u0131mlarla ilerlemesine katk\u0131 sa\u011flayabilirim.<\/p>\n\n\n\n<p class=\"wp-block-paragraph\">Bu ba\u011f\u0131\u015f, ailelerin sosyal g\u00fcvencesine, \u00e7ocuklar\u0131n gelece\u011fine ve toplumun refah\u0131na do\u011frudan bir yat\u0131r\u0131m olacak. Kendi bireysel miras\u0131m\u0131, t\u00fcm topluma fayda sa\u011flayacak kolektif bir g\u00fcvenceye d\u00f6n\u00fc\u015ft\u00fcrmek, biyolojik bir soydan \u00e7ok daha geni\u015f kapsaml\u0131 ve kal\u0131c\u0131 bir etki yaratma fikri. Bu, bir &#8220;sosyal miras&#8221; b\u0131rakma eylemidir.<\/p>\n\n\n\n<h3 class=\"wp-block-heading\">Motivasyonun Ritmi: Cheri Cheri Lady<\/h3>\n\n\n\n<p class=\"wp-block-paragraph\">T\u00fcm bu b\u00fcy\u00fck planlar\u0131n ve hedeflerin ard\u0131nda, \u00e7ok ki\u015fisel ve nostaljik bir motivasyon kayna\u011f\u0131 yat\u0131yor. Ne zaman Modern Talking&#8217;den &#8220;Cheri Cheri Lady&#8221; \u015fark\u0131s\u0131n\u0131 duysam, lise ve staj an\u0131lar\u0131m canlan\u0131r.<\/p>\n\n\n\n<p class=\"wp-block-paragraph\">O zamanlar, evden \u00e7\u0131kmadan, i\u015fe gitmeden \u00f6nce hep tak\u0131m elbisemi giyerken bu \u015fark\u0131y\u0131 dinlerdim. O ritim, g\u00fcne ba\u015flarken hissetti\u011fim disiplin, heyecan ve gelece\u011fe dair umutlarla dolu.<\/p>\n\n\n\n<p class=\"wp-block-paragraph\">Bu planlar\u0131n hepsi ger\u00e7ekle\u015fti\u011finde, o b\u00fcy\u00fck tatmin ve huzur an\u0131nda, arkama yaslan\u0131p yine bu \u015fark\u0131y\u0131 dinleyece\u011fim g\u00fcn\u00fc hayal ediyorum. O an, gen\u00e7lik hayallerinin yeti\u015fkinlikteki sorumluluklarla ve toplumsal katk\u0131larla bulu\u015ftu\u011fu m\u00fckemmel bir final sahnesi gibi olacak.<\/p>","protected":false},"excerpt":{"rendered":"<p>&#8220;\u0130\u00e7 giri\u015fimcilik&#8221; genellikle bir kurum i\u00e7inde yenilik\u00e7i fikirler geli\u015ftirmek ve bu fikirleri hayata ge\u00e7irmek olarak tan\u0131mlan\u0131r. Ancak bu kavram\u0131, bir kamu kurumuna adanm\u0131\u015f bir kariyer vizyonu ve ki\u015fisel bir miras\u0131 toplumsal faydaya d\u00f6n\u00fc\u015ft\u00fcrme plan\u0131 olarak da geni\u015fletebiliriz. Bu, bir \u00e7al\u0131\u015fan\u0131n kurumu i\u00e7in hayal etti\u011fi en \u00fcst d\u00fczey katk\u0131n\u0131n bir yol haritas\u0131d\u0131r. Ge\u00e7enlerde, Sosyal G\u00fcvenlik Kurumu [&hellip;]<\/p>\n","protected":false},"author":1,"featured_media":0,"comment_status":"open","ping_status":"open","sticky":false,"template":"","format":"standard","meta":{"_gspb_post_css":"","om_disable_all_campaigns":false,"_monsterinsights_skip_tracking":false,"wpai_generated_summary":"","_jetpack_newsletter_access":"","_jetpack_dont_email_post_to_subs":false,"_jetpack_newsletter_tier_id":0,"_jetpack_memberships_contains_paywalled_content":false,"_jetpack_feature_clip_id":0,"_jetpack_memberships_contains_paid_content":false,"footnotes":"","jetpack_post_was_ever_published":false},"categories":[38],"tags":[40,37,39],"class_list":["post-118","post","type-post","status-publish","format-standard","hentry","category-girisimcilik","tag-gelecek","tag-girisimcilik","tag-plan"],"blocksy_meta":{"styles_descriptor":{"styles":{"desktop":"","tablet":"","mobile":""},"google_fonts":[],"version":7}},"jetpack_sharing_enabled":true,"jetpack_featured_media_url":"","_links":{"self":[{"href":"https:\/\/erendogu.com\/tr\/wp-json\/wp\/v2\/posts\/118","targetHints":{"allow":["GET"]}}],"collection":[{"href":"https:\/\/erendogu.com\/tr\/wp-json\/wp\/v2\/posts"}],"about":[{"href":"https:\/\/erendogu.com\/tr\/wp-json\/wp\/v2\/types\/post"}],"author":[{"embeddable":true,"href":"https:\/\/erendogu.com\/tr\/wp-json\/wp\/v2\/users\/1"}],"replies":[{"embeddable":true,"href":"https:\/\/erendogu.com\/tr\/wp-json\/wp\/v2\/comments?post=118"}],"version-history":[{"count":1,"href":"https:\/\/erendogu.com\/tr\/wp-json\/wp\/v2\/posts\/118\/revisions"}],"predecessor-version":[{"id":119,"href":"https:\/\/erendogu.com\/tr\/wp-json\/wp\/v2\/posts\/118\/revisions\/119"}],"wp:attachment":[{"href":"https:\/\/erendogu.com\/tr\/wp-json\/wp\/v2\/media?parent=118"}],"wp:term":[{"taxonomy":"category","embeddable":true,"href":"https:\/\/erendogu.com\/tr\/wp-json\/wp\/v2\/categories?post=118"},{"taxonomy":"post_tag","embeddable":true,"href":"https:\/\/erendogu.com\/tr\/wp-json\/wp\/v2\/tags?post=118"}],"curies":[{"name":"wp","href":"https:\/\/api.w.org\/{rel}","templated":true}]}}