{"id":151,"date":"2025-11-27T20:34:52","date_gmt":"2025-11-27T20:34:52","guid":{"rendered":"https:\/\/erendogu.com\/?p=151"},"modified":"2025-11-30T17:22:34","modified_gmt":"2025-11-30T17:22:34","slug":"tasarim-trendleri-minimalizmden-neoklasizme-ve-otesi","status":"publish","type":"post","link":"https:\/\/erendogu.com\/tr\/tasarim-trendleri-minimalizmden-neoklasizme-ve-otesi\/","title":{"rendered":"Tasar\u0131m Trendleri: Minimalizmden Neoklasizme ve \u00d6tesi"},"content":{"rendered":"<p class=\"wp-block-paragraph\">Tasar\u0131m, estetik ve i\u015flevselli\u011fi bir araya getiren dinamik bir aland\u0131r. Her d\u00f6nemde farkl\u0131 ak\u0131mlar ve trendler ortaya \u00e7\u0131karak g\u00f6rsel d\u00fcnyam\u0131z\u0131 \u015fekillendirir. \u0130\u015fte g\u00fcn\u00fcm\u00fcz\u00fcn ve gelece\u011fin tasar\u0131m trendlerine bir bak\u0131\u015f:<\/p>\n\n\n\n<h2 class=\"wp-block-heading\">Minimalist Tasar\u0131m\u0131n G\u00fcc\u00fc<\/h2>\n\n\n\n<p class=\"wp-block-paragraph\">Minimalist tasar\u0131m, &#8216;daha az daha \u00e7oktur&#8217; felsefesini benimser. Temiz \u00e7izgiler, bol bo\u015fluk, sade renk paletleri ve basit tipografi ile kullan\u0131c\u0131lar\u0131n i\u00e7eri\u011fe odaklanmas\u0131n\u0131 sa\u011flar. Karma\u015f\u0131kl\u0131ktan ar\u0131nd\u0131r\u0131lm\u0131\u015f bu yakla\u015f\u0131m, modern ve sofistike bir g\u00f6r\u00fcn\u00fcm sunarken, kullan\u0131c\u0131 deneyimini de basitle\u015ftirir.<\/p>\n\n\n\n<h2 class=\"wp-block-heading\">Neoklasik Dokunu\u015flar ve Ge\u00e7mi\u015fe Sayg\u0131<\/h2>\n\n\n\n<p class=\"wp-block-paragraph\">Minimalizmin aksine, neoklasik tasar\u0131m, ge\u00e7mi\u015fin zenginli\u011fini ve detaylar\u0131n\u0131 modern bir yorumla birle\u015ftirir. Klasik sanat eserlerinden, mimariden ve tipografiden ilham alan bu ak\u0131m, zarif s\u00fcslemeler, derin renkler ve simetrik d\u00fczenlemelerle dikkat \u00e7eker. Ancak bu, a\u015f\u0131r\u0131ya ka\u00e7madan, dengeli ve \u00e7a\u011fda\u015f bir estetikle sunulur.<\/p>\n\n\n\n<h2 class=\"wp-block-heading\">S\u0131v\u0131 ve Dinamik Tasar\u0131m<\/h2>\n\n\n\n<p class=\"wp-block-paragraph\">G\u00fcn\u00fcm\u00fcz web ve mobil d\u00fcnyas\u0131nda, tasar\u0131mlar\u0131n farkl\u0131 ekran boyutlar\u0131na ve cihazlara uyum sa\u011flamas\u0131 zorunludur. S\u0131v\u0131 (fluid) ve dinamik tasar\u0131mlar, i\u00e7eri\u011fin ve d\u00fczenin cihaz\u0131n \u00f6zelliklerine g\u00f6re ak\u0131c\u0131 bir \u015fekilde de\u011fi\u015fmesini sa\u011flar. Bu, kullan\u0131c\u0131ya her platformda tutarl\u0131 ve optimize edilmi\u015f bir deneyim sunar.<\/p>\n\n\n\n<h2 class=\"wp-block-heading\">Mikro Etkile\u015fimler ve Animasyonlar<\/h2>\n\n\n\n<p class=\"wp-block-paragraph\">K\u00fc\u00e7\u00fck ama anlaml\u0131 animasyonlar ve mikro etkile\u015fimler, kullan\u0131c\u0131 deneyimini zenginle\u015ftirir. Bir butona t\u0131kland\u0131\u011f\u0131nda olu\u015fan geri bildirim, bir form alan\u0131na odaklan\u0131ld\u0131\u011f\u0131nda beliren ipu\u00e7lar\u0131 veya sayfa ge\u00e7i\u015flerindeki ak\u0131c\u0131 animasyonlar, kullan\u0131c\u0131lar\u0131n uygulamayla daha keyifli bir \u015fekilde etkile\u015fim kurmas\u0131n\u0131 sa\u011flar.<\/p>\n\n\n\n<h2 class=\"wp-block-heading\">Eri\u015filebilirlik ve Kapsay\u0131c\u0131 Tasar\u0131m<\/h2>\n\n\n\n<p class=\"wp-block-paragraph\">Tasar\u0131m\u0131n herkes i\u00e7in eri\u015filebilir olmas\u0131, g\u00fcn\u00fcm\u00fcz\u00fcn en \u00f6nemli trendlerinden biridir. Engelli kullan\u0131c\u0131lar da dahil olmak \u00fczere herkesin web sitelerini ve uygulamalar\u0131 rahat\u00e7a kullanabilmesi i\u00e7in renk kontrastlar\u0131, klavye navigasyonu, ekran okuyucu deste\u011fi gibi eri\u015filebilirlik standartlar\u0131na uyulmal\u0131d\u0131r.<\/p>","protected":false},"excerpt":{"rendered":"<p>Tasar\u0131m, estetik ve i\u015flevselli\u011fi bir araya getiren dinamik bir aland\u0131r. Her d\u00f6nemde farkl\u0131 ak\u0131mlar ve trendler ortaya \u00e7\u0131karak g\u00f6rsel d\u00fcnyam\u0131z\u0131 \u015fekillendirir. \u0130\u015fte g\u00fcn\u00fcm\u00fcz\u00fcn ve gelece\u011fin tasar\u0131m trendlerine bir bak\u0131\u015f: Minimalist Tasar\u0131m\u0131n G\u00fcc\u00fc Minimalist tasar\u0131m, &#8216;daha az daha \u00e7oktur&#8217; felsefesini benimser. Temiz \u00e7izgiler, bol bo\u015fluk, sade renk paletleri ve basit tipografi ile kullan\u0131c\u0131lar\u0131n i\u00e7eri\u011fe odaklanmas\u0131n\u0131 sa\u011flar. [&hellip;]<\/p>\n","protected":false},"author":1,"featured_media":0,"comment_status":"open","ping_status":"open","sticky":false,"template":"","format":"standard","meta":{"_gspb_post_css":"","om_disable_all_campaigns":false,"_monsterinsights_skip_tracking":false,"wpai_generated_summary":"","_jetpack_newsletter_access":"","_jetpack_dont_email_post_to_subs":false,"_jetpack_newsletter_tier_id":0,"_jetpack_memberships_contains_paywalled_content":false,"_jetpack_feature_clip_id":0,"_jetpack_memberships_contains_paid_content":false,"footnotes":"","jetpack_post_was_ever_published":false},"categories":[43],"tags":[14,19],"class_list":["post-151","post","type-post","status-publish","format-standard","hentry","category-mini-yazilar","tag-analiz","tag-yazilim"],"blocksy_meta":{"styles_descriptor":{"styles":{"desktop":"","tablet":"","mobile":""},"google_fonts":[],"version":7}},"jetpack_sharing_enabled":true,"jetpack_featured_media_url":"","_links":{"self":[{"href":"https:\/\/erendogu.com\/tr\/wp-json\/wp\/v2\/posts\/151","targetHints":{"allow":["GET"]}}],"collection":[{"href":"https:\/\/erendogu.com\/tr\/wp-json\/wp\/v2\/posts"}],"about":[{"href":"https:\/\/erendogu.com\/tr\/wp-json\/wp\/v2\/types\/post"}],"author":[{"embeddable":true,"href":"https:\/\/erendogu.com\/tr\/wp-json\/wp\/v2\/users\/1"}],"replies":[{"embeddable":true,"href":"https:\/\/erendogu.com\/tr\/wp-json\/wp\/v2\/comments?post=151"}],"version-history":[{"count":1,"href":"https:\/\/erendogu.com\/tr\/wp-json\/wp\/v2\/posts\/151\/revisions"}],"predecessor-version":[{"id":152,"href":"https:\/\/erendogu.com\/tr\/wp-json\/wp\/v2\/posts\/151\/revisions\/152"}],"wp:attachment":[{"href":"https:\/\/erendogu.com\/tr\/wp-json\/wp\/v2\/media?parent=151"}],"wp:term":[{"taxonomy":"category","embeddable":true,"href":"https:\/\/erendogu.com\/tr\/wp-json\/wp\/v2\/categories?post=151"},{"taxonomy":"post_tag","embeddable":true,"href":"https:\/\/erendogu.com\/tr\/wp-json\/wp\/v2\/tags?post=151"}],"curies":[{"name":"wp","href":"https:\/\/api.w.org\/{rel}","templated":true}]}}