{"id":457,"date":"2026-01-09T20:33:42","date_gmt":"2026-01-09T20:33:42","guid":{"rendered":"https:\/\/erendogu.com\/?p=457"},"modified":"2026-01-30T16:14:08","modified_gmt":"2026-01-30T16:14:08","slug":"ideal-olana-ulasmak-ve-gorev-bilinci-saglama-yollari","status":"publish","type":"post","link":"https:\/\/erendogu.com\/tr\/ideal-olana-ulasmak-ve-gorev-bilinci-saglama-yollari\/","title":{"rendered":"\u0130deal Olana Ula\u015fmak ve G\u00f6rev Bilinci Sa\u011flama Yollar\u0131"},"content":{"rendered":"<figure class=\"wp-block-pullquote\"><blockquote><p>G\u00f6reviniz nedir?<\/p><\/blockquote><\/figure>\n\n\n\n<p class=\"wp-block-paragraph\">Ben 18 ya\u015f\u0131nday\u0131m ve bu ya\u015f\u0131ma kadar hala bu derin ve zor sorunun cevab\u0131na ula\u015fabilmi\u015f de\u011filim. Bunlar\u0131 sorgularken, bazen do\u011fru yolda olup olmad\u0131\u011f\u0131m\u0131 merak ediyorum ve i\u00e7imde bir bo\u015fluk hissediyorum. Kendimi bu d\u00fcnya \u00fczerinde ne i\u015fim oldu\u011funu, amac\u0131m\u0131n ne oldu\u011funu, vizyonumun neler i\u00e7erdi\u011fini ve hedeflerimin ne y\u00f6nde oldu\u011funu s\u0131k\u00e7a sorgulad\u0131m. Bu sorgulamalar asl\u0131nda hayat\u0131n bana \u00f6\u011fretti\u011fi dersler olarak da g\u00f6rd\u00fc\u011f\u00fcm \u00f6nemli birer ad\u0131m. Evet, dini a\u00e7\u0131dan buras\u0131 benim imtihan yerim ve ayn\u0131 zamanda bu hayatta as\u0131l g\u00f6revimin ne oldu\u011funu \u00e7ok iyi bir \u015fekilde bilmem gerekiyor. Bu bilgi ve fark\u0131ndal\u0131kla, daha anlaml\u0131 bir hayat ya\u015famak i\u00e7in \u00e7aba g\u00f6stermeliyim. Hayat\u0131n sundu\u011fu bu karma\u015f\u0131k sorulara cevap bulmak, bana hem i\u00e7sel bir yolculuk hem de ki\u015fisel bir ke\u015fif s\u00fcreci sunuyor. Kendime belirledi\u011fim bu yeni hedefler, beni daha iyi bir insan olma yolunda motive edecektir. Bu nedenle, bu sorular\u0131 yan\u0131tlamak i\u00e7in daha fazla d\u00fc\u015f\u00fcnmem ve kendime yeni hedefler belirlemem gerekiyor&#8230;<\/p>\n\n\n\n<p class=\"wp-block-paragraph\">Unutulmamal\u0131d\u0131r ki, hayat bir yolculuktur ve bu yolculukta her yeni ad\u0131m bir f\u0131rsat sunar.<\/p>\n\n\n\n<p class=\"wp-block-paragraph\">D\u00fcnyevi g\u00f6revlerim aras\u0131nda, Aksaray \u00dcniversitesi&#8217;ni ba\u015far\u0131yla tamamlamak, ard\u0131ndan KPSS \u00fczerinden memuriyet hayat\u0131na ad\u0131m atmak ve bu s\u00fcre\u00e7te yat\u0131r\u0131m rezervlerimi b\u00fcy\u00fctmek olduk\u00e7a \u00f6nemli bir yer tutmaktad\u0131r. Bu s\u00fcre\u00e7te, kendimi s\u00fcrekli geli\u015ftirmek i\u00e7in farkl\u0131 kurslar ve seminerlere kat\u0131lmay\u0131 da planl\u0131yorum. Bu hedefler, sadece bireysel geli\u015fimim i\u00e7in de\u011fil, ayn\u0131 zamanda topluma katk\u0131da bulunma aray\u0131\u015f\u0131m i\u00e7in de b\u00fcy\u00fck bir anlam ifade etmektedir. Ayn\u0131 zamanda, sosyal sorumluluk projelerine kat\u0131larak, hem ki\u015fisel hem de toplumsal geli\u015fime katk\u0131 sa\u011flamay\u0131 hedefliyorum. Ba\u015far\u0131ya giden yolda, hem akademik bilgi hem de pratik deneyim kazanmak, benim i\u00e7in b\u00fcy\u00fck bir \u00f6ncelik haline gelmi\u015ftir.<br>Bu nedenle, ilerideki d\u00f6nemlerde profesyonel network\u00fcm\u00fc geni\u015fletmek i\u00e7in etkinliklere kat\u0131lmay\u0131 da d\u00fc\u015f\u00fcnmekteyim. \u0130lerleyen d\u00f6nemlerde, bu hedeflerime ula\u015farak, kariyerimi sa\u011flam temellere oturtmay\u0131 ve bu s\u00fcre\u00e7te yat\u0131r\u0131m f\u0131rsatlar\u0131n\u0131 de\u011ferlendirerek finansal durumumu g\u00fc\u00e7lendirmeyi istiyorum.. Bu hedeflerime ula\u015farak, sadece kendimi de\u011fil, \u00e7evremdeki insanlar\u0131 da daha iyi bir gelece\u011fe ta\u015f\u0131may\u0131 ama\u00e7l\u0131yorum.<br><\/p>","protected":false},"excerpt":{"rendered":"<p>G\u00f6reviniz nedir? Ben 18 ya\u015f\u0131nday\u0131m ve bu ya\u015f\u0131ma kadar hala bu derin ve zor sorunun cevab\u0131na ula\u015fabilmi\u015f de\u011filim. Bunlar\u0131 sorgularken, bazen do\u011fru yolda olup olmad\u0131\u011f\u0131m\u0131 merak ediyorum ve i\u00e7imde bir bo\u015fluk hissediyorum. Kendimi bu d\u00fcnya \u00fczerinde ne i\u015fim oldu\u011funu, amac\u0131m\u0131n ne oldu\u011funu, vizyonumun neler i\u00e7erdi\u011fini ve hedeflerimin ne y\u00f6nde oldu\u011funu s\u0131k\u00e7a sorgulad\u0131m. Bu sorgulamalar asl\u0131nda [&hellip;]<\/p>\n","protected":false},"author":1,"featured_media":0,"comment_status":"open","ping_status":"open","sticky":false,"template":"","format":"standard","meta":{"_gspb_post_css":"","om_disable_all_campaigns":false,"_monsterinsights_skip_tracking":false,"wpai_generated_summary":"","_jetpack_newsletter_access":"","_jetpack_dont_email_post_to_subs":false,"_jetpack_newsletter_tier_id":0,"_jetpack_memberships_contains_paywalled_content":false,"_jetpack_feature_clip_id":0,"_jetpack_memberships_contains_paid_content":false,"footnotes":"","jetpack_post_was_ever_published":false},"categories":[81,82],"tags":[],"class_list":["post-457","post","type-post","status-publish","format-standard","hentry","category-kisisel","category-yasam"],"blocksy_meta":{"styles_descriptor":{"styles":{"desktop":"","tablet":"","mobile":""},"google_fonts":[],"version":7}},"jetpack_sharing_enabled":true,"jetpack_featured_media_url":"","_links":{"self":[{"href":"https:\/\/erendogu.com\/tr\/wp-json\/wp\/v2\/posts\/457","targetHints":{"allow":["GET"]}}],"collection":[{"href":"https:\/\/erendogu.com\/tr\/wp-json\/wp\/v2\/posts"}],"about":[{"href":"https:\/\/erendogu.com\/tr\/wp-json\/wp\/v2\/types\/post"}],"author":[{"embeddable":true,"href":"https:\/\/erendogu.com\/tr\/wp-json\/wp\/v2\/users\/1"}],"replies":[{"embeddable":true,"href":"https:\/\/erendogu.com\/tr\/wp-json\/wp\/v2\/comments?post=457"}],"version-history":[{"count":1,"href":"https:\/\/erendogu.com\/tr\/wp-json\/wp\/v2\/posts\/457\/revisions"}],"predecessor-version":[{"id":461,"href":"https:\/\/erendogu.com\/tr\/wp-json\/wp\/v2\/posts\/457\/revisions\/461"}],"wp:attachment":[{"href":"https:\/\/erendogu.com\/tr\/wp-json\/wp\/v2\/media?parent=457"}],"wp:term":[{"taxonomy":"category","embeddable":true,"href":"https:\/\/erendogu.com\/tr\/wp-json\/wp\/v2\/categories?post=457"},{"taxonomy":"post_tag","embeddable":true,"href":"https:\/\/erendogu.com\/tr\/wp-json\/wp\/v2\/tags?post=457"}],"curies":[{"name":"wp","href":"https:\/\/api.w.org\/{rel}","templated":true}]}}