{"id":534,"date":"2026-02-22T19:18:37","date_gmt":"2026-02-22T19:18:37","guid":{"rendered":"https:\/\/erendogu.com\/?p=534"},"modified":"2026-05-01T11:12:05","modified_gmt":"2026-05-01T11:12:05","slug":"gunluk-hayatta-beni-en-cok-yoran-ve-sikan-faktorler","status":"publish","type":"post","link":"https:\/\/erendogu.com\/tr\/gunluk-hayatta-beni-en-cok-yoran-ve-sikan-faktorler\/","title":{"rendered":"G\u00fcnl\u00fck Hayatta Beni En \u00c7ok Yoran ve S\u0131kan Fakt\u00f6rler"},"content":{"rendered":"<figure class=\"wp-block-pullquote\"><blockquote><p>Sizi neler s\u0131kar?<\/p><\/blockquote><\/figure>\n\n\n\n<p class=\"wp-block-paragraph\">Hayat\u0131n temposu artt\u0131k\u00e7a, insan\u0131n kendi i\u00e7 d\u00fczenini korumas\u0131 da bir o kadar zorla\u015f\u0131yor. Benim i\u00e7in baz\u0131 durumlar var ki, enerjimi h\u0131zla t\u00fcketiyor, oda\u011f\u0131m\u0131 da\u011f\u0131t\u0131yor ve motivasyonumu a\u015fa\u011f\u0131 \u00e7ekiyor. Bu yaz\u0131da, beni en \u00e7ok yoran ve s\u0131k\u0131nt\u0131ya sokan fakt\u00f6rleri daha derin bir \u015fekilde ele almak istedim. \u00c7\u00fcnk\u00fc insan kendisini neyin zorlad\u0131\u011f\u0131n\u0131 tan\u0131mlad\u0131k\u00e7a, \u00e7\u00f6z\u00fcm \u00fcretme kapasitesi de g\u00fc\u00e7leniyor.<\/p>\n\n\n\n<h3 class=\"wp-block-heading\"><strong>Kalabal\u0131k Ortamlar\u0131n Y\u0131prat\u0131c\u0131 Etkisi<\/strong><\/h3>\n\n\n\n<p class=\"wp-block-paragraph\">Kalabal\u0131k, g\u00fcr\u00fclt\u00fc ve s\u00fcrekli hareket h\u00e2li\u2026 Bunlar benim i\u00e7in yaln\u0131zca fiziksel bir rahats\u0131zl\u0131k de\u011fil; zihinsel bir y\u00fck. Kalabal\u0131k ortamlarda bulunmak, d\u00fc\u015f\u00fcnce ak\u0131\u015f\u0131m\u0131 kesiyor ve i\u00e7sel d\u00fczenimi bozuyor. Bir s\u00fcre sonra, oradan uzakla\u015f\u0131p kendi alan\u0131ma d\u00f6nme ihtiyac\u0131 hissediyorum.<\/p>\n\n\n\n<h3 class=\"wp-block-heading\"><strong>Uyku D\u00fczeninin Bozulmas\u0131<\/strong><\/h3>\n\n\n\n<p class=\"wp-block-paragraph\">Uyku, benim i\u00e7in sadece dinlenmek de\u011fil; g\u00fcn\u00fcn b\u00fct\u00fcn y\u00fck\u00fcn\u00fc s\u0131f\u0131rlayan bir reset tu\u015fu. Bu d\u00fczen bozuldu\u011funda, sadece yorgun uyanm\u0131yorum; ayn\u0131 zamanda g\u00fcn boyunca verimlili\u011fim, sabr\u0131m ve zihinsel berrakl\u0131\u011f\u0131m da d\u00fc\u015f\u00fcyor. Uyku ritmimin kaymas\u0131, domino etkisiyle t\u00fcm rutinimi alt \u00fcst ediyor.<\/p>\n\n\n\n<h3 class=\"wp-block-heading\"><strong>Gereksiz Zaman Kayb\u0131<\/strong><\/h3>\n\n\n\n<p class=\"wp-block-paragraph\">Zaman, geri gelmeyen tek kaynak. Bu y\u00fczden gereksiz beklemeler, verimsiz s\u00fcre\u00e7ler veya bo\u015f yere uzayan i\u015fler beni fazlas\u0131yla s\u0131k\u0131yor. Kontrol\u00fcm d\u0131\u015f\u0131nda geli\u015fen zaman kay\u0131plar\u0131, planlar\u0131m\u0131 bozdu\u011fu i\u00e7in ekstra stres yarat\u0131yor.<\/p>\n\n\n\n<h3 class=\"wp-block-heading\"><strong>\u0130nsan Fakt\u00f6r\u00fc ile U\u011fra\u015fmak<\/strong><\/h3>\n\n\n\n<p class=\"wp-block-paragraph\">\u0130leti\u015fim, i\u015fbirli\u011fi ve sosyal ili\u015fkiler hayat\u0131n do\u011fal bir par\u00e7as\u0131. Ancak gereksiz drama, tutars\u0131zl\u0131k, sorumsuzluk veya anlams\u0131z taleplerle u\u011fra\u015fmak beni ciddi \u015fekilde yoruyor. \u0130nsan fakt\u00f6r\u00fc bazen bir i\u015fi kolayla\u015ft\u0131rmak yerine daha karma\u015f\u0131k h\u00e2le getirebiliyor. Bu da hem enerjimi hem de oda\u011f\u0131m\u0131 t\u00fcketiyor.<\/p>\n\n\n\n<h3 class=\"wp-block-heading\"><strong>Rutinlerin Bozulmas\u0131<\/strong><\/h3>\n\n\n\n<p class=\"wp-block-paragraph\">Rutinler benim i\u00e7in bir konfor alan\u0131 de\u011fil; bir operasyon plan\u0131. G\u00fcnl\u00fck d\u00fczenimin sekteye u\u011framas\u0131, planlad\u0131\u011f\u0131m ak\u0131\u015f\u0131 bozuyor ve beni mental olarak s\u0131k\u0131\u015ft\u0131r\u0131yor. Rutinlerim bozuldu\u011funda, kontrol hissi azal\u0131yor ve bu da beni bunaltan bir etki yarat\u0131yor.<\/p>\n\n\n\n<h2 class=\"wp-block-heading\"><strong>Sonu\u00e7: Kendimi Tan\u0131d\u0131k\u00e7a Daha Rahat Nefes Al\u0131yorum<\/strong><\/h2>\n\n\n\n<p class=\"wp-block-paragraph\">Bu fakt\u00f6rleri fark etmek, asl\u0131nda kendimi daha iyi anlamam\u0131 sa\u011fl\u0131yor. Neyin beni yordu\u011funu bildik\u00e7e, s\u0131n\u0131rlar\u0131m\u0131 daha net \u00e7izebiliyor, enerjimi daha do\u011fru y\u00f6netebiliyor ve hayat\u0131m\u0131 daha verimli bir \u015fekilde organize edebiliyorum. \u00c7\u00fcnk\u00fc bazen \u00e7\u00f6z\u00fcm, sadece \u201cbeni neyin s\u0131kt\u0131\u011f\u0131n\u0131 bilmekten\u201d ge\u00e7iyor.<\/p>\n\n\n\n<p class=\"wp-block-paragraph\"><\/p>","protected":false},"excerpt":{"rendered":"<p>Sizi neler s\u0131kar? Hayat\u0131n temposu artt\u0131k\u00e7a, insan\u0131n kendi i\u00e7 d\u00fczenini korumas\u0131 da bir o kadar zorla\u015f\u0131yor. Benim i\u00e7in baz\u0131 durumlar var ki, enerjimi h\u0131zla t\u00fcketiyor, oda\u011f\u0131m\u0131 da\u011f\u0131t\u0131yor ve motivasyonumu a\u015fa\u011f\u0131 \u00e7ekiyor. Bu yaz\u0131da, beni en \u00e7ok yoran ve s\u0131k\u0131nt\u0131ya sokan fakt\u00f6rleri daha derin bir \u015fekilde ele almak istedim. \u00c7\u00fcnk\u00fc insan kendisini neyin zorlad\u0131\u011f\u0131n\u0131 tan\u0131mlad\u0131k\u00e7a, \u00e7\u00f6z\u00fcm [&hellip;]<\/p>\n","protected":false},"author":1,"featured_media":0,"comment_status":"open","ping_status":"open","sticky":false,"template":"","format":"standard","meta":{"_gspb_post_css":"","om_disable_all_campaigns":false,"_monsterinsights_skip_tracking":false,"wpai_generated_summary":"","_jetpack_newsletter_access":"","_jetpack_dont_email_post_to_subs":false,"_jetpack_newsletter_tier_id":0,"_jetpack_memberships_contains_paywalled_content":false,"_jetpack_feature_clip_id":0,"_jetpack_memberships_contains_paid_content":false,"footnotes":"","jetpack_post_was_ever_published":false},"categories":[81,82],"tags":[],"class_list":["post-534","post","type-post","status-publish","format-standard","hentry","category-kisisel","category-yasam"],"blocksy_meta":{"styles_descriptor":{"styles":{"desktop":"","tablet":"","mobile":""},"google_fonts":[],"version":7}},"jetpack_sharing_enabled":true,"jetpack_featured_media_url":"","_links":{"self":[{"href":"https:\/\/erendogu.com\/tr\/wp-json\/wp\/v2\/posts\/534","targetHints":{"allow":["GET"]}}],"collection":[{"href":"https:\/\/erendogu.com\/tr\/wp-json\/wp\/v2\/posts"}],"about":[{"href":"https:\/\/erendogu.com\/tr\/wp-json\/wp\/v2\/types\/post"}],"author":[{"embeddable":true,"href":"https:\/\/erendogu.com\/tr\/wp-json\/wp\/v2\/users\/1"}],"replies":[{"embeddable":true,"href":"https:\/\/erendogu.com\/tr\/wp-json\/wp\/v2\/comments?post=534"}],"version-history":[{"count":2,"href":"https:\/\/erendogu.com\/tr\/wp-json\/wp\/v2\/posts\/534\/revisions"}],"predecessor-version":[{"id":653,"href":"https:\/\/erendogu.com\/tr\/wp-json\/wp\/v2\/posts\/534\/revisions\/653"}],"wp:attachment":[{"href":"https:\/\/erendogu.com\/tr\/wp-json\/wp\/v2\/media?parent=534"}],"wp:term":[{"taxonomy":"category","embeddable":true,"href":"https:\/\/erendogu.com\/tr\/wp-json\/wp\/v2\/categories?post=534"},{"taxonomy":"post_tag","embeddable":true,"href":"https:\/\/erendogu.com\/tr\/wp-json\/wp\/v2\/tags?post=534"}],"curies":[{"name":"wp","href":"https:\/\/api.w.org\/{rel}","templated":true}]}}