{"id":595,"date":"2026-03-01T18:41:44","date_gmt":"2026-03-01T18:41:44","guid":{"rendered":"https:\/\/erendogu.com\/?p=595"},"modified":"2026-04-24T23:36:23","modified_gmt":"2026-04-24T23:36:23","slug":"kadere-degil-olasiliga-daha-cok-inaniyorum","status":"publish","type":"post","link":"https:\/\/erendogu.com\/tr\/kadere-degil-olasiliga-daha-cok-inaniyorum\/","title":{"rendered":"Kader mi, Olas\u0131l\u0131k m\u0131? Modern Zihnin Stratejik Tercihi"},"content":{"rendered":"<figure class=\"wp-block-pullquote\"><blockquote><p>Kadere\/kadere inan\u0131r m\u0131s\u0131n\u0131z?<\/p><\/blockquote><\/figure>\n\n\n\n<p class=\"wp-block-paragraph\">Kader, \u00e7o\u011fu zaman b\u00fct\u00fcn insanlar\u0131n hem kendini avutmak hem de \u201c\u00f6zel\u201d ya da \u201ctalihli\u201d oldu\u011funu kan\u0131tlamak i\u00e7in ba\u015fvurdu\u011fu, temelde uydurma bir \u00e7aba gibi g\u00f6r\u00fcn\u00fcyor. \u0130nsan akl\u0131n\u0131n rasyonel taraf\u0131, ya\u015fananlar\u0131n \u00f6nceden yaz\u0131lm\u0131\u015f oldu\u011funa inanmay\u0131 sa\u00e7ma buluyor; \u00e7\u00fcnk\u00fc nedensellik, olas\u0131l\u0131k ve se\u00e7imler \u00fczerinden i\u015fleyen bir d\u00fcnyada \u201cher \u015fey zaten belirlenmi\u015fti\u201d demek, d\u00fc\u015f\u00fcnsel olarak tatmin edici gelmiyor. Buna ra\u011fmen, \u00f6zellikle dini perspektiften bak\u0131ld\u0131\u011f\u0131nda kader kavram\u0131n\u0131n vazge\u00e7ilmez bir yere sahip oldu\u011funu g\u00f6r\u00fcyorum. \u0130nanan i\u00e7in kader, yaln\u0131zca olaylar\u0131n ak\u0131\u015f\u0131n\u0131 a\u00e7\u0131klayan bir doktrin de\u011fil; ayn\u0131 zamanda kaosun ortas\u0131nda bir anlam, bir d\u00fczen ve bir teselli kayna\u011f\u0131. Bu da kaderi, salt mant\u0131ksal bir \u00f6nermeden \u00e7ok, varolu\u015fsal bir ihtiya\u00e7 haline getiriyor.<\/p>\n\n\n\n<p class=\"wp-block-paragraph\">Tam da burada \u201cse\u00e7ilmi\u015flik hissi\u201d devreye giriyor. Kaderi kabul etmek, bazen insan\u0131n kendini di\u011ferlerinden farkl\u0131, hatta daha \u00f6zel g\u00f6rmesine yol a\u00e7abiliyor: \u201cBunlar\u0131n hepsi benim i\u00e7in planland\u0131, ben bu y\u00fczden buraday\u0131m\u201d d\u00fc\u015f\u00fcncesi, ki\u015fiye hem g\u00fc\u00e7 veriyor hem de tehlikeli bir yan\u0131lg\u0131 ihtimali ta\u015f\u0131yor. \u00c7\u00fcnk\u00fc bu his, bir noktadan sonra sorumlulu\u011fu, \u00e7abay\u0131 ve tesad\u00fcfleri k\u00fc\u00e7\u00fcmseyen bir \u00fcst\u00fcnl\u00fck duygusuna d\u00f6n\u00fc\u015febiliyor. Oysa kaderi, her ayr\u0131nt\u0131s\u0131 \u00f6nceden \u00e7izilmi\u015f bir senaryo gibi de\u011fil de, olas\u0131l\u0131klarla dolu bir alan\u0131n \u00fcst\u00fcne yerle\u015ftirilmi\u015f inan\u00e7 \u00e7er\u00e7evesi gibi d\u00fc\u015f\u00fcnmek daha tutarl\u0131 geliyor: \u0130nsan se\u00e7im yapar, sonu\u00e7larla y\u00fczle\u015fir, ama yine de b\u00fct\u00fcn bu s\u00fcreci anlamland\u0131rmak i\u00e7in \u201ckader\u201d kelimesine ihtiya\u00e7 duyar.<\/p>\n\n\n\n<p class=\"wp-block-paragraph\">Bu y\u00fczden ben kaderi, rasyonel akl\u0131n tam olarak onaylamad\u0131\u011f\u0131 ama insan ruhunun tamamen vazge\u00e7emedi\u011fi bir kavram olarak g\u00f6r\u00fcyorum. Bir yan\u0131m, her \u015feyin olas\u0131l\u0131k, ihtimal, istatistik ve nedensellikten ibaret oldu\u011funu s\u00f6yl\u00fcyor; di\u011fer yan\u0131m ise, ya\u015fad\u0131\u011f\u0131m baz\u0131 kesi\u015fmeleri, tesad\u00fcfleri ve d\u00f6n\u00fcm noktalar\u0131n\u0131 \u201csadece \u015fans\u201d diye ge\u00e7i\u015ftiremeyecek kadar anlaml\u0131 buluyor. Belki de kader, tam olarak bu gerilim hatt\u0131nda var oluyor: Ne tamamen bilimsel bir ger\u00e7eklik, ne de b\u00fct\u00fcn\u00fcyle hayali bir masal. Daha \u00e7ok, insan\u0131n kendi hayat\u0131na bakarken kurdu\u011fu i\u00e7 anlat\u0131n\u0131n ad\u0131. Ve ben, bu anlat\u0131n\u0131n i\u00e7inde, se\u00e7ilmi\u015f olmaktan \u00e7ok, se\u00e7en ve sonu\u00e7lar\u0131na katlanan biri olmay\u0131 tercih ediyorum.<\/p>","protected":false},"excerpt":{"rendered":"<p>Kadere\/kadere inan\u0131r m\u0131s\u0131n\u0131z? Kader, \u00e7o\u011fu zaman b\u00fct\u00fcn insanlar\u0131n hem kendini avutmak hem de \u201c\u00f6zel\u201d ya da \u201ctalihli\u201d oldu\u011funu kan\u0131tlamak i\u00e7in ba\u015fvurdu\u011fu, temelde uydurma bir \u00e7aba gibi g\u00f6r\u00fcn\u00fcyor. \u0130nsan akl\u0131n\u0131n rasyonel taraf\u0131, ya\u015fananlar\u0131n \u00f6nceden yaz\u0131lm\u0131\u015f oldu\u011funa inanmay\u0131 sa\u00e7ma buluyor; \u00e7\u00fcnk\u00fc nedensellik, olas\u0131l\u0131k ve se\u00e7imler \u00fczerinden i\u015fleyen bir d\u00fcnyada \u201cher \u015fey zaten belirlenmi\u015fti\u201d demek, d\u00fc\u015f\u00fcnsel olarak tatmin [&hellip;]<\/p>\n","protected":false},"author":1,"featured_media":0,"comment_status":"open","ping_status":"open","sticky":false,"template":"","format":"standard","meta":{"_gspb_post_css":"","om_disable_all_campaigns":false,"_monsterinsights_skip_tracking":false,"wpai_generated_summary":"","_jetpack_newsletter_access":"","_jetpack_dont_email_post_to_subs":false,"_jetpack_newsletter_tier_id":0,"_jetpack_memberships_contains_paywalled_content":false,"_jetpack_feature_clip_id":0,"_jetpack_memberships_contains_paid_content":false,"footnotes":"","jetpack_post_was_ever_published":false},"categories":[81,82],"tags":[],"class_list":["post-595","post","type-post","status-publish","format-standard","hentry","category-kisisel","category-yasam"],"blocksy_meta":{"styles_descriptor":{"styles":{"desktop":"","tablet":"","mobile":""},"google_fonts":[],"version":7}},"jetpack_sharing_enabled":true,"jetpack_featured_media_url":"","_links":{"self":[{"href":"https:\/\/erendogu.com\/tr\/wp-json\/wp\/v2\/posts\/595","targetHints":{"allow":["GET"]}}],"collection":[{"href":"https:\/\/erendogu.com\/tr\/wp-json\/wp\/v2\/posts"}],"about":[{"href":"https:\/\/erendogu.com\/tr\/wp-json\/wp\/v2\/types\/post"}],"author":[{"embeddable":true,"href":"https:\/\/erendogu.com\/tr\/wp-json\/wp\/v2\/users\/1"}],"replies":[{"embeddable":true,"href":"https:\/\/erendogu.com\/tr\/wp-json\/wp\/v2\/comments?post=595"}],"version-history":[{"count":4,"href":"https:\/\/erendogu.com\/tr\/wp-json\/wp\/v2\/posts\/595\/revisions"}],"predecessor-version":[{"id":680,"href":"https:\/\/erendogu.com\/tr\/wp-json\/wp\/v2\/posts\/595\/revisions\/680"}],"wp:attachment":[{"href":"https:\/\/erendogu.com\/tr\/wp-json\/wp\/v2\/media?parent=595"}],"wp:term":[{"taxonomy":"category","embeddable":true,"href":"https:\/\/erendogu.com\/tr\/wp-json\/wp\/v2\/categories?post=595"},{"taxonomy":"post_tag","embeddable":true,"href":"https:\/\/erendogu.com\/tr\/wp-json\/wp\/v2\/tags?post=595"}],"curies":[{"name":"wp","href":"https:\/\/api.w.org\/{rel}","templated":true}]}}